{"id":17611,"date":"2022-07-22T08:00:44","date_gmt":"2022-07-22T11:00:44","guid":{"rendered":"https:\/\/webapp337590.ip-50-116-25-193.cloudezapp.io\/blog\/?p=17611"},"modified":"2023-03-14T16:11:08","modified_gmt":"2023-03-14T19:11:08","slug":"orkut","status":"publish","type":"post","link":"https:\/\/sitebemfeito.com.br\/blog\/orkut\/","title":{"rendered":"Orkut est\u00e1 de volta? Saiba tudo sobre o poss\u00edvel retorno desta rede social"},"content":{"rendered":"<p><span style=\"font-weight: 400;\">N\u00e3o h\u00e1 quem, nos \u00faltimos meses, n\u00e3o tenha ouvido falar no poss\u00edvel retorno do <\/span><b>Orkut<\/b><span style=\"font-weight: 400;\">. E voc\u00ea certamente \u00e9 uma dessas pessoas.<\/span><\/p>\n<p><span style=\"font-weight: 400;\">O assunto ganhou muito espa\u00e7o nas redes sociais e levantou questionamentos sobre o que realmente podemos esperar em rela\u00e7\u00e3o a essa rede social.<\/span><\/p>\n<p><span style=\"font-weight: 400;\">Quais s\u00e3o as poss\u00edveis respostas?<\/span><\/p>\n<p><span style=\"font-weight: 400;\">Siga na leitura deste artigo at\u00e9 o final, para encontr\u00e1-las.<\/span><\/p>\n<h2><b>Do que se trata o Orkut?<\/b><\/h2>\n<p><span style=\"font-weight: 400;\">Antes, por\u00e9m, \u00e9 importante relembrarmos do que se trata essa rede social. Afinal, pode ser que voc\u00ea n\u00e3o tenha chegado a conhec\u00ea-la, ou pode n\u00e3o se lembrar muito bem dela.<\/span><\/p>\n<p><span style=\"font-weight: 400;\">Eis um r\u00e1pido resumo:<\/span><\/p>\n<p><span style=\"font-weight: 400;\">O Orkut era, no in\u00edcio dos anos 2000, uma verdadeira febre entre pessoas do mundo todo. Um espa\u00e7o divertido e, certamente, a primeira rede social a realmente \u201cbombar\u201d no Brasil, surpreendendo at\u00e9 mesmo seu criador, <\/span><b>Orkut Buyukkokten<\/b><span style=\"font-weight: 400;\">, que tinha somente os Estados Unidos como alvo.<\/span><\/p>\n<p><span style=\"font-weight: 400;\">As comunidades, como a lend\u00e1ria &#8220;Eu Odeio Acordar Cedo&#8221;, os <\/span><i><span style=\"font-weight: 400;\">scraps<\/span><\/i><span style=\"font-weight: 400;\"> e o amado Buddy Poke faziam com que perd\u00eassemos horas no site. Por\u00e9m, cerca de uma d\u00e9cada depois, toda essa alegria chegava ao fim, deixando muitos \u201c\u00f3rf\u00e3os\u201d por aqui.<\/span><\/p>\n<h2><b>O motivo de seu poss\u00edvel retorno ter sido recebido t\u00e3o bem<\/b><\/h2>\n<p><span style=\"font-weight: 400;\">N\u00e3o \u00e9 de se admirar que o comunicado feito em abril deste ano (2022) pelo pr\u00f3prio criador dessa rede social fosse despertar um pouco de alegria, considerando que, no fundo, o retorno do Orkut \u00e9 algo que todos n\u00f3s desejamos.<\/span><\/p>\n<p><span style=\"font-weight: 400;\">O sentimento de nostalgia foi imediato. Por\u00e9m, \u00e9 muito importante prestarmos aten\u00e7\u00e3o \u00e0s entrelinhas.<\/span><\/p>\n<p><span style=\"font-weight: 400;\">Antes de seguirmos, por sinal, que tal voc\u00ea conhecer o comunicado oficial? Ele est\u00e1 dispon\u00edvel no dom\u00ednio oficial:<\/span><a href=\"http:\/\/www.orkut.com\/\" target=\"_blank\" rel=\"noopener\"> <span style=\"font-weight: 400;\">www.orkut.com<\/span><\/a><span style=\"font-weight: 400;\">.<\/span><\/p>\n<h3><b>O que o comunicado diz<\/b><\/h3>\n<p><span style=\"font-weight: 400;\">Esse comunicado, que ainda pode ser lido por quem deseja refletir a respeito, ressalta, entre outras coisas:<\/span><\/p>\n<ul>\n<li><span style=\"font-weight: 400;\"> \u00a0 \u00a0 \u00a0 \u00a0 <\/span><span style=\"font-weight: 400;\">O fato de o Orkut ter sido um local sem desinforma\u00e7\u00e3o e \u00f3dio;<\/span><\/li>\n<li><span style=\"font-weight: 400;\"> \u00a0 \u00a0 \u00a0 \u00a0 <\/span><span style=\"font-weight: 400;\">O fato de, atualmente, n\u00e3o termos um local desse tipo na internet, no qual podemos criar conex\u00f5es reais com outras pessoas;<\/span><\/li>\n<li><span style=\"font-weight: 400;\"> \u00a0 \u00a0 \u00a0 \u00a0 <\/span><span style=\"font-weight: 400;\">A import\u00e2ncia de termos ferramentas online que n\u00e3o nos dividam;<\/span><\/li>\n<li><span style=\"font-weight: 400;\"> \u00a0 \u00a0 \u00a0 \u00a0 <\/span><span style=\"font-weight: 400;\">A \u201cpromessa\u201d da constru\u00e7\u00e3o de algo novo.<\/span><\/li>\n<\/ul>\n<p><span style=\"font-weight: 400;\">E \u00e9 justamente nesse \u00faltimo ponto que muitas pessoas focaram, acreditando que o Orkut, reformulado ou n\u00e3o, voltar\u00e1 a qualquer momento.<\/span><\/p>\n<p><span style=\"font-weight: 400;\">Mas ser\u00e1 que \u00e9 realmente isso que o comunicado quis dizer?<\/span><\/p>\n<p><span style=\"font-weight: 400;\">N\u00f3s, da<\/span><a href=\"https:\/\/sitebemfeito.com.br\/\" target=\"_blank\" rel=\"noopener\"> <span style=\"font-weight: 400;\">Site Bem Feito<\/span><\/a><span style=\"font-weight: 400;\">, j\u00e1 fizemos algumas reflex\u00f5es, e as disponibilizamos a seguir:<\/span><\/p>\n<h3><b>Em nenhum momento existe uma promessa real de retorno do Orkut<\/b><\/h3>\n<p><span style=\"font-weight: 400;\">Orkut Buyukkokten diz que est\u00e1 construindo algo novo, mas em nenhum momento diz claramente do que se trata.<\/span><\/p>\n<p><span style=\"font-weight: 400;\">Logo, existem diversas possibilidades em aberto.<\/span><\/p>\n<h3><b>H\u00e1, por\u00e9m, a promessa de algo novo<\/b><\/h3>\n<p><span style=\"font-weight: 400;\">Ainda n\u00e3o sabemos o que est\u00e1 por vir.<\/span><\/p>\n<p><span style=\"font-weight: 400;\">Por\u00e9m, com base no que foi escrito no comunicado, \u00e9 poss\u00edvel prever que a novidade ser\u00e1 pautada na preocupa\u00e7\u00e3o de criar um espa\u00e7o online que seja mais \u201climpo\u201d, pautado no respeito e nas conex\u00f5es reais.<\/span><\/p>\n<h3><b>A \u201csacada\u201d utilizada por Orkut foi um exemplo de marketing bem feito<\/b><\/h3>\n<p><span style=\"font-weight: 400;\">Pode ser que voc\u00ea n\u00e3o tenha reparado, em uma primeira leitura, mas o texto do comunicado mexeu diretamente em uma \u201cdor\u201d das pessoas, prendendo a aten\u00e7\u00e3o imediatamente.<\/span><\/p>\n<p><span style=\"font-weight: 400;\">Ao final, ainda foi deixado um espa\u00e7o para que quem quiser receber as novidades em primeira m\u00e3o coloque seu e-mail. Ou seja: Orkut gerou curiosidade e conseguiu<\/span><a href=\"https:\/\/webapp337590.ip-50-116-25-193.cloudezapp.io\/blog\/comprar-lista-de-e-mails\/\" target=\"_blank\" rel=\"noopener\"> <span style=\"font-weight: 400;\">construir um mailing<\/span><\/a><span style=\"font-weight: 400;\"> forte, que poder\u00e1 ser trabalhado posteriormente, conforme as novidades forem surgindo.<\/span><\/p>\n<p><span style=\"font-weight: 400;\">Um olhar que somente quem entende de marketing poderia ter, n\u00e3o \u00e9 mesmo?<\/span><\/p>\n<p><img loading=\"lazy\" decoding=\"async\" class=\"alignnone wp-image-17612 size-large\" src=\"https:\/\/webapp337590.ip-50-116-25-193.cloudezapp.io\/blog\/wp-content\/uploads\/2022\/06\/orkut-1024x538.png\" alt=\"orkut\" width=\"1024\" height=\"538\" srcset=\"https:\/\/sitebemfeito.com.br\/blog\/wp-content\/uploads\/2022\/06\/orkut-1024x538.png 1024w, https:\/\/sitebemfeito.com.br\/blog\/wp-content\/uploads\/2022\/06\/orkut-300x158.png 300w, https:\/\/sitebemfeito.com.br\/blog\/wp-content\/uploads\/2022\/06\/orkut-768x403.png 768w, https:\/\/sitebemfeito.com.br\/blog\/wp-content\/uploads\/2022\/06\/orkut-360x189.png 360w, https:\/\/sitebemfeito.com.br\/blog\/wp-content\/uploads\/2022\/06\/orkut.png 1200w\" sizes=\"auto, (max-width: 1024px) 100vw, 1024px\" \/><\/p>\n<h2><b>O que voc\u00ea pode fazer, como pessoa que tem uma marca e uma empresa<\/b><\/h2>\n<p><span style=\"font-weight: 400;\">No cen\u00e1rio de incerteza, o melhor que se tem a fazer \u00e9 ficar de olho nos pr\u00f3ximos comunicados e nas novidades prometidas. O primeiro passo que voc\u00ea pode dar, portanto, \u00e9 se inscrever no campo deixado ao final do comunicado.<\/span><\/p>\n<p><span style=\"font-weight: 400;\">E o segundo passo \u00e9, sem d\u00favidas, continuar adotando as iniciativas necess\u00e1rias para o<\/span><a href=\"https:\/\/webapp337590.ip-50-116-25-193.cloudezapp.io\/blog\/como-criar-uma-marca\/\" target=\"_blank\" rel=\"noopener\"> <span style=\"font-weight: 400;\">fortalecimento da sua marca<\/span><\/a><span style=\"font-weight: 400;\">, sem criar grandes expectativas em rela\u00e7\u00e3o a uma poss\u00edvel nova rede social, ou em rela\u00e7\u00e3o ao retorno do Orkut nos seus moldes tradicionais.<\/span><\/p>\n<p><span style=\"font-weight: 400;\">N\u00e3o porque as novidades possam ser desanimadoras, mas sim porque <\/span><b>elas podem n\u00e3o ser necessariamente o que voc\u00ea est\u00e1 esperando<\/b><span style=\"font-weight: 400;\">.<\/span><\/p>\n<p><span style=\"font-weight: 400;\">Lembre-se: a preocupa\u00e7\u00e3o do fundador do antigo Orkut \u00e9 de fato com as conex\u00f5es reais e com a quest\u00e3o social, e em nenhum momento ele d\u00e1 a entender que, surgindo uma nova rede social, ela ter\u00e1 espa\u00e7o para empresas e seus an\u00fancios, por exemplo.<\/span><\/p>\n<p><span style=\"font-weight: 400;\">\u00c9 comum que empres\u00e1rios criem esse tipo de expectativa, como se fosse surgir um novo espa\u00e7o para se conectar com seus clientes e atrair mais vendas, como ocorre no <\/span><b>Instagram<\/b><span style=\"font-weight: 400;\"> e no <\/span><b>Facebook<\/b><span style=\"font-weight: 400;\">, mas n\u00e3o sabemos se isso est\u00e1 ou n\u00e3o prestes a acontecer.<\/span><\/p>\n<p><span style=\"font-weight: 400;\">O que voc\u00ea pode e deve fazer, ent\u00e3o, \u00e9 investir na divulga\u00e7\u00e3o e no fortalecimento de sua marca de modos mais tradicionais, o que inclui, entre outras coisas:<\/span><\/p>\n<ul>\n<li><span style=\"font-weight: 400;\"> \u00a0 \u00a0 \u00a0 \u00a0 <\/span><span style=\"font-weight: 400;\">Criar p\u00e1ginas\/perfis nas redes sociais que fa\u00e7am sentido para o seu neg\u00f3cio;<\/span><\/li>\n<li><span style=\"font-weight: 400;\"> \u00a0 \u00a0 \u00a0 <\/span><a href=\"https:\/\/webapp337590.ip-50-116-25-193.cloudezapp.io\/blog\/o-que-e-trafego-pago\/\" target=\"_blank\" rel=\"noopener\"><span style=\"font-weight: 400;\">Investir na cria\u00e7\u00e3o de an\u00fancios online<\/span><\/a><span style=\"font-weight: 400;\">;<\/span><\/li>\n<li><span style=\"font-weight: 400;\"> \u00a0 \u00a0 \u00a0 \u00a0 <\/span><span style=\"font-weight: 400;\">Investir na cria\u00e7\u00e3o de um site de qualidade.<\/span><\/li>\n<\/ul>\n<h2><b>A import\u00e2ncia de ter um site bem feito para sua empresa<\/b><\/h2>\n<p><span style=\"font-weight: 400;\">Principalmente em uma \u00e9poca com tantas redes sociais dispon\u00edveis, n\u00e3o \u00e9 raro encontrar empres\u00e1rios que dispensam a cria\u00e7\u00e3o de um site, por acreditarem que essa iniciativa ser\u00e1 um gasto e n\u00e3o trar\u00e1 resultado no tempo esperado.<\/span><\/p>\n<p><span style=\"font-weight: 400;\">Trata-se, por\u00e9m, de um investimento muito importante, que agrega credibilidade ao seu neg\u00f3cio.<\/span><\/p>\n<p><span style=\"font-weight: 400;\">A cria\u00e7\u00e3o de um site representa a constru\u00e7\u00e3o de <\/span><b>um espa\u00e7o s\u00f3 seu<\/b><span style=\"font-weight: 400;\">. Espa\u00e7o esse que n\u00e3o depender\u00e1 dos algoritmos para ter sucesso.<\/span><\/p>\n<p><span style=\"font-weight: 400;\">H\u00e1, ainda, a grande vantagem de ter, junto ao seu site,<\/span><a href=\"https:\/\/webapp337590.ip-50-116-25-193.cloudezapp.io\/blog\/blog-em-wordpress\/\" target=\"_blank\" rel=\"noopener\"> <span style=\"font-weight: 400;\">um blog para disponibilizar conte\u00fados relevantes<\/span><\/a><span style=\"font-weight: 400;\"> sobre o seu neg\u00f3cio e o seu mercado e, assim, gerar autoridade junto \u00e0 sua audi\u00eancia.<\/span><\/p>\n<p><span style=\"font-weight: 400;\">E ent\u00e3o, que tal come\u00e7ar a pensar na cria\u00e7\u00e3o do seu pr\u00f3prio site hoje mesmo?<\/span><\/p>\n<p><span style=\"font-weight: 400;\">Estar nas redes sociais realmente \u00e9 importante. Mas, assim como o Orkut, todas elas tamb\u00e9m podem deixar de existir em algum momento. E, quando chegar essa hora, sair\u00e1 na frente quem j\u00e1 tem seu pr\u00f3prio espa\u00e7o constru\u00eddo.<\/span><\/p>\n<p><a href=\"https:\/\/sitebemfeito.com.br\/fale-conosco\/\" target=\"_blank\" rel=\"noopener\"><span style=\"font-weight: 400;\">Entre em contato com a Site Bem Feito<\/span><\/a><span style=\"font-weight: 400;\"> para conversar com o nosso time e descobrir tudo o que podemos fazer para que seu site seja um sucesso!<\/span><\/p>\n","protected":false},"excerpt":{"rendered":"<p>N\u00e3o h\u00e1 quem, nos \u00faltimos meses, n\u00e3o tenha ouvido falar no poss\u00edvel retorno do Orkut.<\/p>\n","protected":false},"author":1,"featured_media":17613,"comment_status":"open","ping_status":"open","sticky":false,"template":"","format":"standard","meta":{"footnotes":""},"categories":[2],"tags":[55,52,54,53],"class_list":{"0":"post-17611","1":"post","2":"type-post","3":"status-publish","4":"format-standard","5":"has-post-thumbnail","7":"category-marketing-digital","8":"tag-marketing-digital","9":"tag-orkut","10":"tag-rede-social","11":"tag-volta-do-orkut"},"_links":{"self":[{"href":"https:\/\/sitebemfeito.com.br\/blog\/wp-json\/wp\/v2\/posts\/17611","targetHints":{"allow":["GET"]}}],"collection":[{"href":"https:\/\/sitebemfeito.com.br\/blog\/wp-json\/wp\/v2\/posts"}],"about":[{"href":"https:\/\/sitebemfeito.com.br\/blog\/wp-json\/wp\/v2\/types\/post"}],"author":[{"embeddable":true,"href":"https:\/\/sitebemfeito.com.br\/blog\/wp-json\/wp\/v2\/users\/1"}],"replies":[{"embeddable":true,"href":"https:\/\/sitebemfeito.com.br\/blog\/wp-json\/wp\/v2\/comments?post=17611"}],"version-history":[{"count":0,"href":"https:\/\/sitebemfeito.com.br\/blog\/wp-json\/wp\/v2\/posts\/17611\/revisions"}],"wp:featuredmedia":[{"embeddable":true,"href":"https:\/\/sitebemfeito.com.br\/blog\/wp-json\/wp\/v2\/media\/17613"}],"wp:attachment":[{"href":"https:\/\/sitebemfeito.com.br\/blog\/wp-json\/wp\/v2\/media?parent=17611"}],"wp:term":[{"taxonomy":"category","embeddable":true,"href":"https:\/\/sitebemfeito.com.br\/blog\/wp-json\/wp\/v2\/categories?post=17611"},{"taxonomy":"post_tag","embeddable":true,"href":"https:\/\/sitebemfeito.com.br\/blog\/wp-json\/wp\/v2\/tags?post=17611"}],"curies":[{"name":"wp","href":"https:\/\/api.w.org\/{rel}","templated":true}]}}