{"id":11506,"date":"2018-12-20T09:00:59","date_gmt":"2018-12-20T11:00:59","guid":{"rendered":"https:\/\/webapp337590.ip-50-116-25-193.cloudezapp.io\/blog\/?p=11506"},"modified":"2021-08-13T14:58:42","modified_gmt":"2021-08-13T17:58:42","slug":"como-fazer-gestao-de-fanpage","status":"publish","type":"post","link":"https:\/\/sitebemfeito.com.br\/blog\/como-fazer-gestao-de-fanpage\/","title":{"rendered":"Como fazer gest\u00e3o de fanpage para sua empresa?"},"content":{"rendered":"<p>Essa \u00e9 uma das perguntas-chave para o seu neg\u00f3cio, principalmente se estiver em busca de vendas. E a resposta a essa pergunta pode definitivamente mudar o jogo para voc\u00ea.<\/p>\n<p>Ent\u00e3o, fique atendo ao conte\u00fado desse artigo.<\/p>\n<p>Se voc\u00ea chegou aqui, \u00e9 porque j\u00e1 percebeu a necessidade de sua empresa come\u00e7ar, o quanto antes, um trabalho bem feito de <a href=\"https:\/\/webapp337590.ip-50-116-25-193.cloudezapp.io\/blog\/google-adwords-ou-facebook-ads-qual-o-melhor-para-minha-empresa\/\" target=\"_blank\" rel=\"noopener\">divulga\u00e7\u00e3o no Facebook<\/a>, certo?<\/p>\n<p>Mas como fazer isso? Por onde come\u00e7ar?<\/p>\n<p>Bom&#8230;n\u00e3o vou esgotar o assunto nesse post explicando TUDO que deve fazer, nem sobre todas as t\u00e9cnicas utilizadas para gerar engajamento, mas vou te dar algumas dicas que te ajudar\u00e3o a tomar a decis\u00e3o certa de como come\u00e7ar.<\/p>\n<h3><strong>A import\u00e2ncia de uma boa gest\u00e3o de fanpage<\/strong><\/h3>\n<p>Mas antes de ir direto ao ponto, quero te mostrar alguns estat\u00edsticas sobre o Facebook:<\/p>\n<p>Cerca de 102 milh\u00f5es de brasileiros acessam o Facebook todos os meses. Deste total, 93 milh\u00f5es acessam via dispositivos m\u00f3veis. \u00c9 como se todos os meses metade da popula\u00e7\u00e3o brasileira, entrasse na plataforma do Facebook para descobrir novidades e compartilhar.<\/p>\n<p>Em Junho de 2017 a plataforma do Facebook atingiu a marca de 2 bilh\u00f5es de usu\u00e1rios no mundo todo!<\/p>\n<p>\u201cA conex\u00e3o entre pessoas e marcas funciona. Prova disso \u00e9 que 99% das pessoas no Facebook afirmam que leem as publica\u00e7\u00f5es das marcas no Facebook, segundo nossos dados internos de agosto de 2015. Desses, 68% destacam que acessam nossa plataforma para descobrir novos produtos. Isso nos faz acreditar que estamos no caminho certo da conectividade e mobilidade para todos\u201d. Fonte: <a href=\"https:\/\/pt-br.facebook.com\/business\/news\/102-milhes-de-brasileiros-compartilham-seus-momentos-no-facebook-todos-os-meses)\" target=\"_blank\" rel=\"noopener\">Facebook<\/a>.<\/p>\n<p>E para se ter uma ideia da dimens\u00e3o do potencial das m\u00eddias sociais, o Brasil se tornou o segundo no ranking do Instagram com 50 milh\u00f5es de usu\u00e1rios, de acordo com <a href=\"http:\/\/www1.folha.uol.com.br\/mercado\/2017\/10\/1931057-com-50-milhoes-de-usuarios-brasil-e-segundo-no-ranking-do-instagram.shtml\" target=\"_blank\" rel=\"noopener\">esse artigo<\/a> publicado pela Folha de S\u00e3o Paulo.<\/p>\n<p>O Brasil tamb\u00e9m \u00e9 o pa\u00eds da Am\u00e9rica Latina mais presente em redes sociais, seguido por M\u00e9xico e Argentina, respectivamente.<\/p>\n<p>Agora, se voc\u00ea pretende ter resultados utilizando m\u00eddias sociais, principalmente atrav\u00e9s da sua fanpage, alavancando as suas vendas com os leads gerados por ela, voc\u00ea precisa conhecer os seguintes itens para <strong>fazer a<\/strong> <strong>gest\u00e3o da fanpage da sua empresa<\/strong>:<\/p>\n<ul>\n<li><strong>Informa\u00e7\u00f5es da empresa<\/strong>: as informa\u00e7\u00f5es da sua empresa na fanpage<\/li>\n<li><strong>Interatividade<\/strong>: interaja com o p\u00fablico da sua fanpage<\/li>\n<li><strong>Publica\u00e7\u00f5es<\/strong>: fique atento \u00e0 quando publicar<\/li>\n<li><strong>Facebook Ads<\/strong>: publica\u00e7\u00f5es org\u00e2nicas d\u00e3o resultados, contudo em alguns momentos ser\u00e1 necess\u00e1rio o uso de publica\u00e7\u00e3o paga.<\/li>\n<li><strong>Popularidade<\/strong>: divulgue a sua fanpage e ajude-a a torn\u00e1-la popular<\/li>\n<\/ul>\n<p>Diante desses dados, vamos a resposta a pergunta do in\u00edcio da nossa conversa.<\/p>\n<h3>Pois bem, existem tr\u00eas maneiras de fazer a gest\u00e3o de fanpage para sua empresa:<\/h3>\n<ul>\n<li>um funcion\u00e1rio apenas para isso;<\/li>\n<li>o t\u00edpico &#8220;fa\u00e7a voc\u00ea mesmo&#8221;;<\/li>\n<li>com uma <a href=\"https:\/\/bridgex.us\/marketing-digital-para-brasileiros\/\" target=\"_blank\" rel=\"noopener noreferrer\">empresa terceirizada<\/a>, especializada em gest\u00e3o de redes sociais;<\/li>\n<\/ul>\n<h3><strong>Contratando um funcion\u00e1rio<\/strong><\/h3>\n<p>Contratando um funcion\u00e1rio e este tiver as qualifica\u00e7\u00f5es desejadas para este tipo de gest\u00e3o, um minimo de experi\u00eancia na fun\u00e7\u00e3o e pr\u00f3 atividade, certamente voc\u00ea ter\u00e1 bons retornos com a gest\u00e3o de sua empresa nas redes sociais, principalmente atrav\u00e9s da sua Fanpage.<\/p>\n<p>Contudo este profissional precisar\u00e1 estar se reciclando e se atualizando constantemente, pois as redes sociais s\u00e3o din\u00e2micas e passam por constantes modifica\u00e7\u00f5es. O que \u00e9 norma de sucesso hoje, pode ser extremamente defasada amanh\u00e3.<\/p>\n<p>Ser\u00e1 necess\u00e1rio investir constantemente neste profissional para que o mesmo fique atualizado com o que h\u00e1 de mais moderno na gest\u00e3o de Fanpage para a sua empresa.<\/p>\n<h3><strong>Fazendo voc\u00ea mesmo<\/strong><\/h3>\n<p>A outra op\u00e7\u00e3o \u00e9 \u201cfa\u00e7a voc\u00ea mesmo!\u201d. Entretanto, assim como com a poss\u00edvel contrata\u00e7\u00e3o de um profissional especializado, voc\u00ea s\u00f3 obter\u00e1 retorno com esta gest\u00e3o se possuir as qualifica\u00e7\u00f5es m\u00ednimas necess\u00e1rias para isto.<\/p>\n<p>Claro, na internet h\u00e1 uma enorme gama de materiais, como apostilas e videos explicando como fazer uma gest\u00e3o da sua fanpage por exemplo. S\u00f3 que a\u00ed entra tamb\u00e9m a necessidade de estar se atualizando constantemente, relendo novas apostilas e revendo novos videos.<\/p>\n<p>E nessa de fazer voc\u00ea mesmo, s\u00f3 funciona quando se est\u00e1 come\u00e7ando, pois empresas que querem de fato serem competitivas, se profissionalizam. Pois, fazendo voc\u00ea mesmo, parte do seu tempo em que poderia estar focando em seu neg\u00f3cio que lhe d\u00e1 retorno financeiro, voc\u00ea precisar\u00e1 dedicar tempos gerenciando sua fanpage.<\/p>\n<p>Agora um dado importante: \u201cVoc\u00ea sabia que os leads gerados pelas m\u00eddias sociais, geram um acr\u00e9scimo em torno de 24% nas vendas?\u201d E isso mesmo em tempos de recess\u00e3o!<\/p>\n<h3><strong>Contratando uma empresa especializada (Recomendada)<\/strong><\/h3>\n<p>A op\u00e7\u00e3o mais recomendada \u00e9 a da contrata\u00e7\u00e3o de uma empresa especializada em gest\u00e3o de m\u00eddias sociais.<\/p>\n<p>Por se tratar de ser o cerne do seu neg\u00f3cio, uma empresa especializada em marketing digital estar\u00e1 sempre se atualizando no que h\u00e1 de mais moderno em gera\u00e7\u00e3o de leads (potenciais clientes) atrav\u00e9s da presen\u00e7a da sua empresa em m\u00eddias sociais.<\/p>\n<p>Por isso, deixar a gest\u00e3o da fanpage da sua empresa nas m\u00e3os de <a href=\"https:\/\/sitebemfeito.com.br\/\" target=\"_blank\" rel=\"noopener noreferrer\">gente especializada<\/a> far\u00e1 com que o potencial dela seja estrategicamente utilizada.<\/p>\n<p><a href=\"http:\/\/sitebemfeito.rds.land\/facebook-analytics\" target=\"_blank\" rel=\"noopener\"><img loading=\"lazy\" decoding=\"async\" class=\"alignnone wp-image-17043 size-full\" src=\"https:\/\/webapp337590.ip-50-116-25-193.cloudezapp.io\/blog\/wp-content\/uploads\/2021\/08\/E-book-Facebook-Analytics.png\" alt=\"Facebook Analytics\" width=\"1067\" height=\"533\" srcset=\"https:\/\/sitebemfeito.com.br\/blog\/wp-content\/uploads\/2021\/08\/E-book-Facebook-Analytics.png 1067w, https:\/\/sitebemfeito.com.br\/blog\/wp-content\/uploads\/2021\/08\/E-book-Facebook-Analytics-300x150.png 300w, https:\/\/sitebemfeito.com.br\/blog\/wp-content\/uploads\/2021\/08\/E-book-Facebook-Analytics-1024x512.png 1024w, https:\/\/sitebemfeito.com.br\/blog\/wp-content\/uploads\/2021\/08\/E-book-Facebook-Analytics-768x384.png 768w, https:\/\/sitebemfeito.com.br\/blog\/wp-content\/uploads\/2021\/08\/E-book-Facebook-Analytics-360x180.png 360w\" sizes=\"auto, (max-width: 1067px) 100vw, 1067px\" \/><\/a><\/p>\n","protected":false},"excerpt":{"rendered":"<p>Essa \u00e9 uma das perguntas-chave para o seu neg\u00f3cio, principalmente se estiver em busca de vendas. E a resposta a essa pergunta&#8230;<\/p>\n","protected":false},"author":1,"featured_media":15510,"comment_status":"open","ping_status":"open","sticky":false,"template":"","format":"standard","meta":{"footnotes":""},"categories":[28],"tags":[],"class_list":{"0":"post-11506","1":"post","2":"type-post","3":"status-publish","4":"format-standard","5":"has-post-thumbnail","7":"category-redes-sociais"},"_links":{"self":[{"href":"https:\/\/sitebemfeito.com.br\/blog\/wp-json\/wp\/v2\/posts\/11506","targetHints":{"allow":["GET"]}}],"collection":[{"href":"https:\/\/sitebemfeito.com.br\/blog\/wp-json\/wp\/v2\/posts"}],"about":[{"href":"https:\/\/sitebemfeito.com.br\/blog\/wp-json\/wp\/v2\/types\/post"}],"author":[{"embeddable":true,"href":"https:\/\/sitebemfeito.com.br\/blog\/wp-json\/wp\/v2\/users\/1"}],"replies":[{"embeddable":true,"href":"https:\/\/sitebemfeito.com.br\/blog\/wp-json\/wp\/v2\/comments?post=11506"}],"version-history":[{"count":0,"href":"https:\/\/sitebemfeito.com.br\/blog\/wp-json\/wp\/v2\/posts\/11506\/revisions"}],"wp:featuredmedia":[{"embeddable":true,"href":"https:\/\/sitebemfeito.com.br\/blog\/wp-json\/wp\/v2\/media\/15510"}],"wp:attachment":[{"href":"https:\/\/sitebemfeito.com.br\/blog\/wp-json\/wp\/v2\/media?parent=11506"}],"wp:term":[{"taxonomy":"category","embeddable":true,"href":"https:\/\/sitebemfeito.com.br\/blog\/wp-json\/wp\/v2\/categories?post=11506"},{"taxonomy":"post_tag","embeddable":true,"href":"https:\/\/sitebemfeito.com.br\/blog\/wp-json\/wp\/v2\/tags?post=11506"}],"curies":[{"name":"wp","href":"https:\/\/api.w.org\/{rel}","templated":true}]}}